{"id":3029,"date":"2024-04-12T10:29:30","date_gmt":"2024-04-12T08:29:30","guid":{"rendered":"https:\/\/www.imkerverein-friedberg.de\/?p=3029"},"modified":"2024-04-12T10:31:40","modified_gmt":"2024-04-12T08:31:40","slug":"mitgliederversammlung-varroabehandlung","status":"publish","type":"post","link":"https:\/\/www.imkerverein-friedberg.de\/?p=3029","title":{"rendered":"Mitgliederversammlung Varroabehandlung &#8211; 23. April 2024"},"content":{"rendered":"<p>Liebe Vereinsmitglieder,<\/p>\n<p>Wir laden Euch ein zur n\u00e4chsten Mitgliederversammlung am<br \/>\n<strong>Dienstag 23. April 2024<\/strong> um <strong>19 Uhr<\/strong><br \/>\nin der Mehrzweckhalle Bruchenbr\u00fccken<br \/>\nVilbeler Str. 40 in Friedberg.<\/p>\n<p><strong><span style=\"color: #800000;\">Thema ist Varroakontrolle und -behandlung.<\/span><\/strong><\/p>\n<p>Leider haben viele Mitglieder V\u00f6lkerverluste zu beklagen, die haupts\u00e4chlich auf die Varroa zur\u00fcck zu f\u00fchren sind.<br \/>\nUnser Bienensachverst\u00e4ndige Thomas J\u00e4schke wird an diesem Abend darauf eingehen.<\/p>\n<p>Wir bitten um Anmeldung, da wir f\u00fcr die Buchung des Raums die Anzahl der Teilnehmenden angeben sollen.<\/p>\n<p>&nbsp;<\/p>\n","protected":false},"excerpt":{"rendered":"<p>Liebe Vereinsmitglieder, Wir laden Euch ein zur n\u00e4chsten Mitgliederversammlung am Dienstag 23. April 2024 um 19 Uhr in der Mehrzweckhalle Bruchenbr\u00fccken Vilbeler Str. 40 in Friedberg. Thema ist Varroakontrolle und -behandlung. Leider haben viele Mitglieder V\u00f6lkerverluste zu beklagen, die haupts\u00e4chlich auf die Varroa zur\u00fcck zu f\u00fchren sind. Unser Bienensachverst\u00e4ndige Thomas J\u00e4schke wird an diesem Abend [&hellip;]<\/p>\n","protected":false},"author":1,"featured_media":1248,"comment_status":"closed","ping_status":"closed","sticky":false,"template":"","format":"standard","meta":{"wpgo_faq_disable_schema":false},"categories":[1],"tags":[],"_links":{"self":[{"href":"https:\/\/www.imkerverein-friedberg.de\/index.php?rest_route=\/wp\/v2\/posts\/3029"}],"collection":[{"href":"https:\/\/www.imkerverein-friedberg.de\/index.php?rest_route=\/wp\/v2\/posts"}],"about":[{"href":"https:\/\/www.imkerverein-friedberg.de\/index.php?rest_route=\/wp\/v2\/types\/post"}],"author":[{"embeddable":true,"href":"https:\/\/www.imkerverein-friedberg.de\/index.php?rest_route=\/wp\/v2\/users\/1"}],"replies":[{"embeddable":true,"href":"https:\/\/www.imkerverein-friedberg.de\/index.php?rest_route=%2Fwp%2Fv2%2Fcomments&post=3029"}],"version-history":[{"count":2,"href":"https:\/\/www.imkerverein-friedberg.de\/index.php?rest_route=\/wp\/v2\/posts\/3029\/revisions"}],"predecessor-version":[{"id":3031,"href":"https:\/\/www.imkerverein-friedberg.de\/index.php?rest_route=\/wp\/v2\/posts\/3029\/revisions\/3031"}],"wp:featuredmedia":[{"embeddable":true,"href":"https:\/\/www.imkerverein-friedberg.de\/index.php?rest_route=\/wp\/v2\/media\/1248"}],"wp:attachment":[{"href":"https:\/\/www.imkerverein-friedberg.de\/index.php?rest_route=%2Fwp%2Fv2%2Fmedia&parent=3029"}],"wp:term":[{"taxonomy":"category","embeddable":true,"href":"https:\/\/www.imkerverein-friedberg.de\/index.php?rest_route=%2Fwp%2Fv2%2Fcategories&post=3029"},{"taxonomy":"post_tag","embeddable":true,"href":"https:\/\/www.imkerverein-friedberg.de\/index.php?rest_route=%2Fwp%2Fv2%2Ftags&post=3029"}],"curies":[{"name":"wp","href":"https:\/\/api.w.org\/{rel}","templated":true}]}}